{"id":42238,"date":"2020-11-16T15:48:29","date_gmt":"2020-11-16T14:48:29","guid":{"rendered":"https:\/\/www.act-thielmann.at\/?p=42238"},"modified":"2020-11-16T15:48:30","modified_gmt":"2020-11-16T14:48:30","slug":"tageszaehlertafel-fuer-bohnen-logistik","status":"publish","type":"post","link":"https:\/\/www.act-thielmann.at\/en\/2020\/11\/16\/tageszaehlertafel-fuer-bohnen-logistik\/","title":{"rendered":"Tagesz\u00e4hlertafel f\u00fcr Bohnen Logistik"},"content":{"rendered":"<h3>Die Tagesz\u00e4hlertafel f\u00fcr die Firma Bohnen Logistik GmbH &amp; Co.KG zeigt gro\u00df und auff\u00e4llig die unfallfreienfallfreien Tage an.<\/h3>\n<ul>\n \t<li>Produktion und Lieferung 6 \/ 2020<\/li>\n \t<li>Tagesz\u00e4hlertafel f\u00fcr die unnfallfreien Tage<\/li>\n \t<li>Adresse: D-41372 Niederkr\u00fcchten<\/li>\n \t<li>Gr\u00f6\u00dfe 700 x 500 x 92 mm<\/li>\n \t<li>LED-Ziffernh\u00f6hen: 8 cm<\/li>\n \t<li>Ausf\u00fchrung: einseitig<\/li>\n \t<li>Best\u00fcckung mit pure-gr\u00fcnen High-Quality NICHIA Leuchtdioden<\/li>\n \t<li>Absolut sonnenlichttauglich, mit integriertem Dimmer zur selbstst\u00e4ndigen Leuchtst\u00e4rkenregulierung<\/li>\n \t<li>Wetterfestes Outdoor-Geh\u00e4use, pulverbeschichtet in Farbe schwarzgrau<\/li>\n \t<li>Einfachste Bedienung \u00fcber ein Funk-Keyboard<\/li>\n\n<style type=\"text\/css\" data-created_by=\"avia_inline_auto\" id=\"style-css-av-2v04qe2-d89d1c33961d197f06f338c5be102e14\">\n.flex_column.av-2v04qe2-d89d1c33961d197f06f338c5be102e14{\nborder-radius:0px 0px 0px 0px;\npadding:0px 0px 0px 0px;\n}\n<\/style>\n<div  class='flex_column av-2v04qe2-d89d1c33961d197f06f338c5be102e14 av_one_full  avia-builder-el-0  el_before_av_one_full  avia-builder-el-first  first flex_column_div av-zero-column-padding  '     ><p>https:\/\/www.act-thielmann.at\/wp\/wp-content\/uploads\/2020\/11\/Tageszaehlertafel.jpg<\/p>\n\n<style type=\"text\/css\" data-created_by=\"avia_inline_auto\" id=\"style-css-av-8me262-7acef21b723abe35a4bc8971cde68fab\">\n.avia-image-container.av-8me262-7acef21b723abe35a4bc8971cde68fab img.avia_image{\nbox-shadow:none;\n}\n.avia-image-container.av-8me262-7acef21b723abe35a4bc8971cde68fab .av-image-caption-overlay-center{\ncolor:#ffffff;\n}\n<\/style>\n<div  class='avia-image-container av-8me262-7acef21b723abe35a4bc8971cde68fab av-styling- av-hover-grow avia-align-center  avia-builder-el-1  avia-builder-el-no-sibling '   itemprop=\"image\" itemscope=\"itemscope\" itemtype=\"https:\/\/schema.org\/ImageObject\" ><div class=\"avia-image-container-inner\"><div class=\"avia-image-overlay-wrap\"><img decoding=\"async\" fetchpriority=\"high\" class='wp-image-42242 avia-img-lazy-loading-not-42242 avia_image ' src=\"https:\/\/www.act-thielmann.at\/wp\/wp-content\/uploads\/2020\/11\/Tageszaehlertafel.jpg\" alt='Tagesz\u00e4hlertafel' title='Tagesz\u00e4hlertafel'  height=\"1658\" width=\"2483\"  itemprop=\"thumbnailUrl\" srcset=\"https:\/\/www.act-thielmann.at\/wp\/wp-content\/uploads\/2020\/11\/Tageszaehlertafel.jpg 2483w, https:\/\/www.act-thielmann.at\/wp\/wp-content\/uploads\/2020\/11\/Tageszaehlertafel-480x321.jpg 480w, https:\/\/www.act-thielmann.at\/wp\/wp-content\/uploads\/2020\/11\/Tageszaehlertafel-1030x688.jpg 1030w, https:\/\/www.act-thielmann.at\/wp\/wp-content\/uploads\/2020\/11\/Tageszaehlertafel-82x55.jpg 82w, https:\/\/www.act-thielmann.at\/wp\/wp-content\/uploads\/2020\/11\/Tageszaehlertafel-768x513.jpg 768w, https:\/\/www.act-thielmann.at\/wp\/wp-content\/uploads\/2020\/11\/Tageszaehlertafel-1536x1026.jpg 1536w, https:\/\/www.act-thielmann.at\/wp\/wp-content\/uploads\/2020\/11\/Tageszaehlertafel-2048x1368.jpg 2048w, https:\/\/www.act-thielmann.at\/wp\/wp-content\/uploads\/2020\/11\/Tageszaehlertafel-1500x1002.jpg 1500w, https:\/\/www.act-thielmann.at\/wp\/wp-content\/uploads\/2020\/11\/Tageszaehlertafel-705x471.jpg 705w\" sizes=\"(max-width: 2483px) 100vw, 2483px\" \/><\/div><\/div><\/div><\/div>\n\n\n<style type=\"text\/css\" data-created_by=\"avia_inline_auto\" id=\"style-css-av-23cs996-f9e1f791fc7de9f5ec01fdfda58bc0df\">\n.flex_column.av-23cs996-f9e1f791fc7de9f5ec01fdfda58bc0df{\nborder-radius:0px 0px 0px 0px;\npadding:0px 0px 0px 0px;\n}\n<\/style>\n<div  class='flex_column av-23cs996-f9e1f791fc7de9f5ec01fdfda58bc0df av_one_full  avia-builder-el-2  el_after_av_one_full  el_before_av_one_full  first flex_column_div av-zero-column-padding  column-top-margin'     ><section  class='av_textblock_section av-63lgey-c27dc10ff2e7b1c9144a084f523762c6 '   itemscope=\"itemscope\" itemtype=\"https:\/\/schema.org\/BlogPosting\" itemprop=\"blogPost\" ><div class='avia_textblock'  itemprop=\"text\" ><p>Auf die Tagesz\u00e4hlertafel schauen alle Mitarbeiter &#8230;<\/p>\n<h4>Die Unfallstatistik wird immer aktuell angezeigt<\/h4>\n<p>F\u00fcr alle Mitarbeiter gut sichtbar wird in gro\u00dfen, gr\u00fcnen LED-Ziffern die momentane Anzahl der unfallfreien Tage anzeigt. Das motiviert alle, je l\u00e4nger kein Unfall passiert ist, desto mehr wird jeder angespornt besonders sicher zu arbeiten, um noch l\u00e4nger die Zahl auf der Tagesz\u00e4hlertafel ansteigen zu lassen.<\/p>\n<p>Unfallfreie Tage Anzeigen wie dieses Display unterst\u00fctzten durch die plakative Darstellung der Unfallstatistik die Arbeitssicherheit und tragen auf diese Weise zur Reduktion der durch Unf\u00e4lle bedingten Fehlzeiten bei. Die Tagesz\u00e4hlertafel in moderner LED-Technik informiert immer aktuell. Allgemeines zum Thema <a title=\"Safety Displays zur Anzeige der unfallfreien Tage\" href=\"http:\/\/www.act-thielmann.at\/led-anzeigen-und-prismenwender-unsere-produktpalette\/funktionsanzeigen\/safetydisplays\/\" target=\"_blank\">Unfallfreie Tage auch auf unserer Produktseite<\/a><\/p>\n<h4>Tagesz\u00e4hler unfallfreie Tage, exakt nach Wunsch produziert<\/h4>\n<p>Die doppelwandigen Alu-Profilgeh\u00e4use wurden in Farbe RAL7021 (schwarzgrau) pulverbeschichtet. F\u00fcr das Geh\u00e4use wurde unser elegantes doppelwandiges 15 mm Alu-Profil gew\u00e4hlt. Die 4 mm Frontscheibe sch\u00fctzt die Elektronik im Display. Thermostatgesteuerte L\u00fcfter auf der Geh\u00e4user\u00fcckseite sorgen im Sommer daf\u00fcr, dass es im Inneren des LED-Displays nicht zu hei\u00df wird. Als LED-Farbe wurde die psychologisch positiv behaftete Farbe gr\u00fcn gew\u00e4hlt. Die verwendeten pure-gr\u00fcnen Leuchtdioden von Nichia sind extrem hell. Hervorragende Lesbarkeit ist gew\u00e4hrleistet, auch bei Sonnenlicht. Ein Lichtsensor regelt die tats\u00e4chliche Helligkeit selbst\u00e4ndig entsprechend der Umgebungshelligkeit, dies geschieht in 256 Stufen.<\/p>\n<h4>Die Tagesz\u00e4hlertafel ist simpel zu bedienen<\/h4>\n<p>Statt einer Ansteuerung wurde dieses Display zum Beispiel mit einer Bedienung \u00fcber ein Funk-Keyboard ausgef\u00fchrt. Dies deshalb, weil man sich eine Datenzuleitung nur Anzeigetafel sparen wollte und die Umstellung sowieso nur notwendig ist, wenn ein Unfall passiert ist. Die nun von ACT realisierte Varianten \u00fcberzeugte sofort. \u00dcber ein kleines Funk-Keyboard kann ganz simpel die Systemzeit und die unfallfreien Tage eingegeben werden. Die Tagesz\u00e4hlertafel z\u00e4hlt t\u00e4glich exakt um um Mitternacht die unfallfreien Tage um einen Tag hinauf. Dies l\u00e4uft alles automatisch ab, t\u00e4glich aktualisiert sich das LED-Display von selbst. Nur wenn ein neuer Unfall passiert ist, m\u00fcssen die unfallfreien Tage aktualisiert werden.<\/p>\n<h5>Seit \u00fcber zwei Jahrzehnten produziert ACT LED Displays in allen Gr\u00f6\u00dfen und Ausf\u00fchrungen(n<\/h5>\n<p>ACT produziert seit \u00fcber zwei Jahrzehnten LED-Displays f\u00fcr industrielle Anwendungen. Vor 20 Jahren waren sie noch \u00e4u\u00dferst selten und ungew\u00f6hnlich, mittlerweile sind Anzeigen wie diese Tagesz\u00e4hleranzeige bekannt und beliebt.<\/p>\n<\/div><\/section><\/div>\n\n\n<style type=\"text\/css\" data-created_by=\"avia_inline_auto\" id=\"style-css-av-1bsey56-b593cd9f361f03932ad1537623bd454a\">\n.flex_column.av-1bsey56-b593cd9f361f03932ad1537623bd454a{\nborder-radius:0px 0px 0px 0px;\npadding:0px 0px 0px 0px;\n}\n<\/style>\n<div  class='flex_column av-1bsey56-b593cd9f361f03932ad1537623bd454a av_one_full  avia-builder-el-4  el_after_av_one_full  avia-builder-el-last  first flex_column_div av-zero-column-padding  column-top-margin'     ><div  class='av_promobox av-r3u90a-0c7e7e2933c13fb1601dee8f2b492bdd avia-button-yes  avia-builder-el-5  avia-builder-el-no-sibling '><div class='avia-promocontent'><p>\n<strong>Sie planen ebenfalls, Ihre Belegschaft mit einem Safety-Display zu motivieren, mehr auf Arbeitssicherheit zu achten?<\/strong><\/p>\n<\/div><div  class='avia-button-wrap av-r3u90a-dac7c7f61b45c75cea5c6411ccf18dcb-wrap avia-button-right '><a href='?page_id=7784'  class='avia-button av-r3u90a-dac7c7f61b45c75cea5c6411ccf18dcb av-link-btn avia-icon_select-no avia-size-large avia-position-right avia-color-theme-color'   aria-label=\"Hier anfragen\"><span class='avia_iconbox_title' >Hier anfragen<\/span><\/a><\/div><\/div><\/div>\n<\/ul><!-- \/wp:post-content -->","protected":false},"excerpt":{"rendered":"<p>Die Tagesz\u00e4hlertafel f\u00fcr die Firma Bohnen Logistik GmbH &amp; Co.KG zeigt gro\u00df und auff\u00e4llig die unfallfreienfallfreien Tage an. Produktion und Lieferung 6 \/ 2020 Tagesz\u00e4hlertafel f\u00fcr die unnfallfreien Tage Adresse: D-41372 Niederkr\u00fcchten Gr\u00f6\u00dfe 700 x 500 x 92 mm LED-Ziffernh\u00f6hen: 8 cm Ausf\u00fchrung: einseitig Best\u00fcckung mit pure-gr\u00fcnen High-Quality NICHIA Leuchtdioden Absolut sonnenlichttauglich, mit integriertem Dimmer [&hellip;]<\/p>\n","protected":false},"author":1,"featured_media":42244,"comment_status":"closed","ping_status":"closed","sticky":false,"template":"","format":"standard","meta":{"ngg_post_thumbnail":0,"footnotes":""},"categories":[1,34,256],"tags":[317],"news":[],"class_list":["post-42238","post","type-post","status-publish","format-standard","has-post-thumbnail","hentry","category-allgemein","category-industrie","category-safetydisplays","tag-unfallfrei"],"yoast_head":"<!-- This site is optimized with the Yoast SEO Premium plugin v27.3 (Yoast SEO v27.5) - https:\/\/yoast.com\/product\/yoast-seo-premium-wordpress\/ -->\n<title>ACT GmbH LED-Displays - Tagesz\u00e4hlertafel f\u00fcr Bohnen Logistik<\/title>\n<meta name=\"description\" content=\"Die Tagesz\u00e4hlertafel f\u00fcr die Firma Bohnen Logistik GmbH &amp; Co.KG zeigt gro\u00df und auff\u00e4llig die unfallfreienfallfreien Tage an. Produktion und Lieferung\" \/>\n<meta name=\"robots\" content=\"index, follow, max-snippet:-1, max-image-preview:large, max-video-preview:-1\" \/>\n<link rel=\"canonical\" href=\"https:\/\/www.act-thielmann.at\/2020\/11\/16\/tageszaehlertafel-fuer-bohnen-logistik\/\" \/>\n<meta property=\"og:locale\" content=\"en_US\" \/>\n<meta property=\"og:type\" content=\"article\" \/>\n<meta property=\"og:title\" content=\"Tagesz\u00e4hlertafel f\u00fcr Bohnen Logistik\" \/>\n<meta property=\"og:description\" content=\"Die Tagesz\u00e4hlertafel f\u00fcr die Firma Bohnen Logistik GmbH &amp; Co.KG zeigt gro\u00df und auff\u00e4llig die unfallfreienfallfreien Tage an. Produktion und Lieferung\" \/>\n<meta property=\"og:url\" content=\"https:\/\/www.act-thielmann.at\/2020\/11\/16\/tageszaehlertafel-fuer-bohnen-logistik\/\" \/>\n<meta property=\"og:site_name\" content=\"ACT GmbH LED-Displays\" \/>\n<meta property=\"article:publisher\" content=\"https:\/\/www.facebook.com\/videowand\" \/>\n<meta property=\"article:published_time\" content=\"2020-11-16T14:48:29+00:00\" \/>\n<meta property=\"article:modified_time\" content=\"2020-11-16T14:48:30+00:00\" \/>\n<meta property=\"og:image\" content=\"https:\/\/www.act-thielmann.at\/wp\/wp-content\/uploads\/2020\/11\/Tageszaehlertafel-1.jpg\" \/>\n\t<meta property=\"og:image:width\" content=\"1024\" \/>\n\t<meta property=\"og:image:height\" content=\"684\" \/>\n\t<meta property=\"og:image:type\" content=\"image\/jpeg\" \/>\n<meta name=\"author\" content=\"thielmann\" \/>\n<meta name=\"twitter:card\" content=\"summary_large_image\" \/>\n<meta name=\"twitter:creator\" content=\"@videowand\" \/>\n<meta name=\"twitter:site\" content=\"@videowand\" \/>\n<meta name=\"twitter:label1\" content=\"Written by\" \/>\n\t<meta name=\"twitter:data1\" content=\"thielmann\" \/>\n\t<meta name=\"twitter:label2\" content=\"Est. reading time\" \/>\n\t<meta name=\"twitter:data2\" content=\"4 minutes\" \/>\n<script type=\"application\/ld+json\" class=\"yoast-schema-graph\">{\"@context\":\"https:\\\/\\\/schema.org\",\"@graph\":[{\"@type\":\"Article\",\"@id\":\"https:\\\/\\\/www.act-thielmann.at\\\/2020\\\/11\\\/16\\\/tageszaehlertafel-fuer-bohnen-logistik\\\/#article\",\"isPartOf\":{\"@id\":\"https:\\\/\\\/www.act-thielmann.at\\\/2020\\\/11\\\/16\\\/tageszaehlertafel-fuer-bohnen-logistik\\\/\"},\"author\":{\"name\":\"thielmann\",\"@id\":\"https:\\\/\\\/www.act-thielmann.at\\\/#\\\/schema\\\/person\\\/2ee2fa3af02e8a599d3939084a2897ef\"},\"headline\":\"Tagesz\u00e4hlertafel f\u00fcr Bohnen Logistik\",\"datePublished\":\"2020-11-16T14:48:29+00:00\",\"dateModified\":\"2020-11-16T14:48:30+00:00\",\"mainEntityOfPage\":{\"@id\":\"https:\\\/\\\/www.act-thielmann.at\\\/2020\\\/11\\\/16\\\/tageszaehlertafel-fuer-bohnen-logistik\\\/\"},\"wordCount\":716,\"publisher\":{\"@id\":\"https:\\\/\\\/www.act-thielmann.at\\\/#organization\"},\"image\":{\"@id\":\"https:\\\/\\\/www.act-thielmann.at\\\/2020\\\/11\\\/16\\\/tageszaehlertafel-fuer-bohnen-logistik\\\/#primaryimage\"},\"thumbnailUrl\":\"https:\\\/\\\/www.act-thielmann.at\\\/wp\\\/wp-content\\\/uploads\\\/2020\\\/11\\\/Tageszaehlertafel-1.jpg\",\"keywords\":[\"Unfallfreie Tage\"],\"articleSection\":[\"Allgemein\",\"Industrie\",\"Safetydisplay\"],\"inLanguage\":\"en-US\"},{\"@type\":\"WebPage\",\"@id\":\"https:\\\/\\\/www.act-thielmann.at\\\/2020\\\/11\\\/16\\\/tageszaehlertafel-fuer-bohnen-logistik\\\/\",\"url\":\"https:\\\/\\\/www.act-thielmann.at\\\/2020\\\/11\\\/16\\\/tageszaehlertafel-fuer-bohnen-logistik\\\/\",\"name\":\"ACT GmbH LED-Displays - Tagesz\u00e4hlertafel f\u00fcr Bohnen Logistik\",\"isPartOf\":{\"@id\":\"https:\\\/\\\/www.act-thielmann.at\\\/#website\"},\"primaryImageOfPage\":{\"@id\":\"https:\\\/\\\/www.act-thielmann.at\\\/2020\\\/11\\\/16\\\/tageszaehlertafel-fuer-bohnen-logistik\\\/#primaryimage\"},\"image\":{\"@id\":\"https:\\\/\\\/www.act-thielmann.at\\\/2020\\\/11\\\/16\\\/tageszaehlertafel-fuer-bohnen-logistik\\\/#primaryimage\"},\"thumbnailUrl\":\"https:\\\/\\\/www.act-thielmann.at\\\/wp\\\/wp-content\\\/uploads\\\/2020\\\/11\\\/Tageszaehlertafel-1.jpg\",\"datePublished\":\"2020-11-16T14:48:29+00:00\",\"dateModified\":\"2020-11-16T14:48:30+00:00\",\"description\":\"Die Tagesz\u00e4hlertafel f\u00fcr die Firma Bohnen Logistik GmbH &amp; Co.KG zeigt gro\u00df und auff\u00e4llig die unfallfreienfallfreien Tage an. Produktion und Lieferung\",\"breadcrumb\":{\"@id\":\"https:\\\/\\\/www.act-thielmann.at\\\/2020\\\/11\\\/16\\\/tageszaehlertafel-fuer-bohnen-logistik\\\/#breadcrumb\"},\"inLanguage\":\"en-US\",\"potentialAction\":[{\"@type\":\"ReadAction\",\"target\":[\"https:\\\/\\\/www.act-thielmann.at\\\/2020\\\/11\\\/16\\\/tageszaehlertafel-fuer-bohnen-logistik\\\/\"]}]},{\"@type\":\"ImageObject\",\"inLanguage\":\"en-US\",\"@id\":\"https:\\\/\\\/www.act-thielmann.at\\\/2020\\\/11\\\/16\\\/tageszaehlertafel-fuer-bohnen-logistik\\\/#primaryimage\",\"url\":\"https:\\\/\\\/www.act-thielmann.at\\\/wp\\\/wp-content\\\/uploads\\\/2020\\\/11\\\/Tageszaehlertafel-1.jpg\",\"contentUrl\":\"https:\\\/\\\/www.act-thielmann.at\\\/wp\\\/wp-content\\\/uploads\\\/2020\\\/11\\\/Tageszaehlertafel-1.jpg\",\"width\":1024,\"height\":684},{\"@type\":\"BreadcrumbList\",\"@id\":\"https:\\\/\\\/www.act-thielmann.at\\\/2020\\\/11\\\/16\\\/tageszaehlertafel-fuer-bohnen-logistik\\\/#breadcrumb\",\"itemListElement\":[{\"@type\":\"ListItem\",\"position\":1,\"name\":\"Startseite\",\"item\":\"https:\\\/\\\/www.act-thielmann.at\\\/en\\\/\"},{\"@type\":\"ListItem\",\"position\":2,\"name\":\"Tagesz\u00e4hlertafel f\u00fcr Bohnen Logistik\"}]},{\"@type\":\"WebSite\",\"@id\":\"https:\\\/\\\/www.act-thielmann.at\\\/#website\",\"url\":\"https:\\\/\\\/www.act-thielmann.at\\\/\",\"name\":\"ACT GmbH LED-Displays\",\"description\":\"\",\"publisher\":{\"@id\":\"https:\\\/\\\/www.act-thielmann.at\\\/#organization\"},\"potentialAction\":[{\"@type\":\"SearchAction\",\"target\":{\"@type\":\"EntryPoint\",\"urlTemplate\":\"https:\\\/\\\/www.act-thielmann.at\\\/?s={search_term_string}\"},\"query-input\":{\"@type\":\"PropertyValueSpecification\",\"valueRequired\":true,\"valueName\":\"search_term_string\"}}],\"inLanguage\":\"en-US\"},{\"@type\":\"Organization\",\"@id\":\"https:\\\/\\\/www.act-thielmann.at\\\/#organization\",\"name\":\"ACT Anzeige- & Informationstechnik GmbH.\",\"url\":\"https:\\\/\\\/www.act-thielmann.at\\\/\",\"logo\":{\"@type\":\"ImageObject\",\"inLanguage\":\"en-US\",\"@id\":\"https:\\\/\\\/www.act-thielmann.at\\\/#\\\/schema\\\/logo\\\/image\\\/\",\"url\":\"https:\\\/\\\/www.act-thielmann.at\\\/wp\\\/wp-content\\\/uploads\\\/2023\\\/02\\\/ACT_logo_dunkel_600x600.jpg\",\"contentUrl\":\"https:\\\/\\\/www.act-thielmann.at\\\/wp\\\/wp-content\\\/uploads\\\/2023\\\/02\\\/ACT_logo_dunkel_600x600.jpg\",\"width\":600,\"height\":600,\"caption\":\"ACT Anzeige- & Informationstechnik GmbH.\"},\"image\":{\"@id\":\"https:\\\/\\\/www.act-thielmann.at\\\/#\\\/schema\\\/logo\\\/image\\\/\"},\"sameAs\":[\"https:\\\/\\\/www.facebook.com\\\/videowand\",\"https:\\\/\\\/x.com\\\/videowand\"]},{\"@type\":\"Person\",\"@id\":\"https:\\\/\\\/www.act-thielmann.at\\\/#\\\/schema\\\/person\\\/2ee2fa3af02e8a599d3939084a2897ef\",\"name\":\"thielmann\",\"image\":{\"@type\":\"ImageObject\",\"inLanguage\":\"en-US\",\"@id\":\"https:\\\/\\\/secure.gravatar.com\\\/avatar\\\/6d619003b99f9eb2530f62f7008376d0f1301796d5041c8bba8aafea46910f0d?s=96&d=mm&r=g\",\"url\":\"https:\\\/\\\/secure.gravatar.com\\\/avatar\\\/6d619003b99f9eb2530f62f7008376d0f1301796d5041c8bba8aafea46910f0d?s=96&d=mm&r=g\",\"contentUrl\":\"https:\\\/\\\/secure.gravatar.com\\\/avatar\\\/6d619003b99f9eb2530f62f7008376d0f1301796d5041c8bba8aafea46910f0d?s=96&d=mm&r=g\",\"caption\":\"thielmann\"}}]}<\/script>\n<!-- \/ Yoast SEO Premium plugin. -->","yoast_head_json":{"title":"ACT GmbH LED-Displays - Tagesz\u00e4hlertafel f\u00fcr Bohnen Logistik","description":"Die Tagesz\u00e4hlertafel f\u00fcr die Firma Bohnen Logistik GmbH &amp; Co.KG zeigt gro\u00df und auff\u00e4llig die unfallfreienfallfreien Tage an. Produktion und Lieferung","robots":{"index":"index","follow":"follow","max-snippet":"max-snippet:-1","max-image-preview":"max-image-preview:large","max-video-preview":"max-video-preview:-1"},"canonical":"https:\/\/www.act-thielmann.at\/2020\/11\/16\/tageszaehlertafel-fuer-bohnen-logistik\/","og_locale":"en_US","og_type":"article","og_title":"Tagesz\u00e4hlertafel f\u00fcr Bohnen Logistik","og_description":"Die Tagesz\u00e4hlertafel f\u00fcr die Firma Bohnen Logistik GmbH &amp; Co.KG zeigt gro\u00df und auff\u00e4llig die unfallfreienfallfreien Tage an. Produktion und Lieferung","og_url":"https:\/\/www.act-thielmann.at\/2020\/11\/16\/tageszaehlertafel-fuer-bohnen-logistik\/","og_site_name":"ACT GmbH LED-Displays","article_publisher":"https:\/\/www.facebook.com\/videowand","article_published_time":"2020-11-16T14:48:29+00:00","article_modified_time":"2020-11-16T14:48:30+00:00","og_image":[{"width":1024,"height":684,"url":"https:\/\/www.act-thielmann.at\/wp\/wp-content\/uploads\/2020\/11\/Tageszaehlertafel-1.jpg","type":"image\/jpeg"}],"author":"thielmann","twitter_card":"summary_large_image","twitter_creator":"@videowand","twitter_site":"@videowand","twitter_misc":{"Written by":"thielmann","Est. reading time":"4 minutes"},"schema":{"@context":"https:\/\/schema.org","@graph":[{"@type":"Article","@id":"https:\/\/www.act-thielmann.at\/2020\/11\/16\/tageszaehlertafel-fuer-bohnen-logistik\/#article","isPartOf":{"@id":"https:\/\/www.act-thielmann.at\/2020\/11\/16\/tageszaehlertafel-fuer-bohnen-logistik\/"},"author":{"name":"thielmann","@id":"https:\/\/www.act-thielmann.at\/#\/schema\/person\/2ee2fa3af02e8a599d3939084a2897ef"},"headline":"Tagesz\u00e4hlertafel f\u00fcr Bohnen Logistik","datePublished":"2020-11-16T14:48:29+00:00","dateModified":"2020-11-16T14:48:30+00:00","mainEntityOfPage":{"@id":"https:\/\/www.act-thielmann.at\/2020\/11\/16\/tageszaehlertafel-fuer-bohnen-logistik\/"},"wordCount":716,"publisher":{"@id":"https:\/\/www.act-thielmann.at\/#organization"},"image":{"@id":"https:\/\/www.act-thielmann.at\/2020\/11\/16\/tageszaehlertafel-fuer-bohnen-logistik\/#primaryimage"},"thumbnailUrl":"https:\/\/www.act-thielmann.at\/wp\/wp-content\/uploads\/2020\/11\/Tageszaehlertafel-1.jpg","keywords":["Unfallfreie Tage"],"articleSection":["Allgemein","Industrie","Safetydisplay"],"inLanguage":"en-US"},{"@type":"WebPage","@id":"https:\/\/www.act-thielmann.at\/2020\/11\/16\/tageszaehlertafel-fuer-bohnen-logistik\/","url":"https:\/\/www.act-thielmann.at\/2020\/11\/16\/tageszaehlertafel-fuer-bohnen-logistik\/","name":"ACT GmbH LED-Displays - Tagesz\u00e4hlertafel f\u00fcr Bohnen Logistik","isPartOf":{"@id":"https:\/\/www.act-thielmann.at\/#website"},"primaryImageOfPage":{"@id":"https:\/\/www.act-thielmann.at\/2020\/11\/16\/tageszaehlertafel-fuer-bohnen-logistik\/#primaryimage"},"image":{"@id":"https:\/\/www.act-thielmann.at\/2020\/11\/16\/tageszaehlertafel-fuer-bohnen-logistik\/#primaryimage"},"thumbnailUrl":"https:\/\/www.act-thielmann.at\/wp\/wp-content\/uploads\/2020\/11\/Tageszaehlertafel-1.jpg","datePublished":"2020-11-16T14:48:29+00:00","dateModified":"2020-11-16T14:48:30+00:00","description":"Die Tagesz\u00e4hlertafel f\u00fcr die Firma Bohnen Logistik GmbH &amp; Co.KG zeigt gro\u00df und auff\u00e4llig die unfallfreienfallfreien Tage an. Produktion und Lieferung","breadcrumb":{"@id":"https:\/\/www.act-thielmann.at\/2020\/11\/16\/tageszaehlertafel-fuer-bohnen-logistik\/#breadcrumb"},"inLanguage":"en-US","potentialAction":[{"@type":"ReadAction","target":["https:\/\/www.act-thielmann.at\/2020\/11\/16\/tageszaehlertafel-fuer-bohnen-logistik\/"]}]},{"@type":"ImageObject","inLanguage":"en-US","@id":"https:\/\/www.act-thielmann.at\/2020\/11\/16\/tageszaehlertafel-fuer-bohnen-logistik\/#primaryimage","url":"https:\/\/www.act-thielmann.at\/wp\/wp-content\/uploads\/2020\/11\/Tageszaehlertafel-1.jpg","contentUrl":"https:\/\/www.act-thielmann.at\/wp\/wp-content\/uploads\/2020\/11\/Tageszaehlertafel-1.jpg","width":1024,"height":684},{"@type":"BreadcrumbList","@id":"https:\/\/www.act-thielmann.at\/2020\/11\/16\/tageszaehlertafel-fuer-bohnen-logistik\/#breadcrumb","itemListElement":[{"@type":"ListItem","position":1,"name":"Startseite","item":"https:\/\/www.act-thielmann.at\/en\/"},{"@type":"ListItem","position":2,"name":"Tagesz\u00e4hlertafel f\u00fcr Bohnen Logistik"}]},{"@type":"WebSite","@id":"https:\/\/www.act-thielmann.at\/#website","url":"https:\/\/www.act-thielmann.at\/","name":"ACT GmbH LED-Displays","description":"","publisher":{"@id":"https:\/\/www.act-thielmann.at\/#organization"},"potentialAction":[{"@type":"SearchAction","target":{"@type":"EntryPoint","urlTemplate":"https:\/\/www.act-thielmann.at\/?s={search_term_string}"},"query-input":{"@type":"PropertyValueSpecification","valueRequired":true,"valueName":"search_term_string"}}],"inLanguage":"en-US"},{"@type":"Organization","@id":"https:\/\/www.act-thielmann.at\/#organization","name":"ACT Anzeige- & Informationstechnik GmbH.","url":"https:\/\/www.act-thielmann.at\/","logo":{"@type":"ImageObject","inLanguage":"en-US","@id":"https:\/\/www.act-thielmann.at\/#\/schema\/logo\/image\/","url":"https:\/\/www.act-thielmann.at\/wp\/wp-content\/uploads\/2023\/02\/ACT_logo_dunkel_600x600.jpg","contentUrl":"https:\/\/www.act-thielmann.at\/wp\/wp-content\/uploads\/2023\/02\/ACT_logo_dunkel_600x600.jpg","width":600,"height":600,"caption":"ACT Anzeige- & Informationstechnik GmbH."},"image":{"@id":"https:\/\/www.act-thielmann.at\/#\/schema\/logo\/image\/"},"sameAs":["https:\/\/www.facebook.com\/videowand","https:\/\/x.com\/videowand"]},{"@type":"Person","@id":"https:\/\/www.act-thielmann.at\/#\/schema\/person\/2ee2fa3af02e8a599d3939084a2897ef","name":"thielmann","image":{"@type":"ImageObject","inLanguage":"en-US","@id":"https:\/\/secure.gravatar.com\/avatar\/6d619003b99f9eb2530f62f7008376d0f1301796d5041c8bba8aafea46910f0d?s=96&d=mm&r=g","url":"https:\/\/secure.gravatar.com\/avatar\/6d619003b99f9eb2530f62f7008376d0f1301796d5041c8bba8aafea46910f0d?s=96&d=mm&r=g","contentUrl":"https:\/\/secure.gravatar.com\/avatar\/6d619003b99f9eb2530f62f7008376d0f1301796d5041c8bba8aafea46910f0d?s=96&d=mm&r=g","caption":"thielmann"}}]}},"amp_enabled":true,"_links":{"self":[{"href":"https:\/\/www.act-thielmann.at\/en\/wp-json\/wp\/v2\/posts\/42238","targetHints":{"allow":["GET"]}}],"collection":[{"href":"https:\/\/www.act-thielmann.at\/en\/wp-json\/wp\/v2\/posts"}],"about":[{"href":"https:\/\/www.act-thielmann.at\/en\/wp-json\/wp\/v2\/types\/post"}],"author":[{"embeddable":true,"href":"https:\/\/www.act-thielmann.at\/en\/wp-json\/wp\/v2\/users\/1"}],"replies":[{"embeddable":true,"href":"https:\/\/www.act-thielmann.at\/en\/wp-json\/wp\/v2\/comments?post=42238"}],"version-history":[{"count":0,"href":"https:\/\/www.act-thielmann.at\/en\/wp-json\/wp\/v2\/posts\/42238\/revisions"}],"wp:featuredmedia":[{"embeddable":true,"href":"https:\/\/www.act-thielmann.at\/en\/wp-json\/wp\/v2\/media\/42244"}],"wp:attachment":[{"href":"https:\/\/www.act-thielmann.at\/en\/wp-json\/wp\/v2\/media?parent=42238"}],"wp:term":[{"taxonomy":"category","embeddable":true,"href":"https:\/\/www.act-thielmann.at\/en\/wp-json\/wp\/v2\/categories?post=42238"},{"taxonomy":"post_tag","embeddable":true,"href":"https:\/\/www.act-thielmann.at\/en\/wp-json\/wp\/v2\/tags?post=42238"},{"taxonomy":"news","embeddable":true,"href":"https:\/\/www.act-thielmann.at\/en\/wp-json\/wp\/v2\/news?post=42238"}],"curies":[{"name":"wp","href":"https:\/\/api.w.org\/{rel}","templated":true}]}}