{"id":33730,"date":"2015-08-11T14:25:42","date_gmt":"2015-08-11T13:25:42","guid":{"rendered":"http:\/\/www.act-thielmann.at\/?p=33730"},"modified":"2024-06-30T09:34:23","modified_gmt":"2024-06-30T08:34:23","slug":"outdoor-videodisplay-am-mtl-gebaeude","status":"publish","type":"post","link":"https:\/\/www.act-thielmann.at\/en\/2015\/08\/11\/outdoor-videodisplay-am-mtl-gebaeude\/","title":{"rendered":"Outdoor-Videodisplay am MTL-Geb\u00e4ude"},"content":{"rendered":"<h3>Das neue Outdoor-Videodisplay passt perfekt an die moderne Geb\u00e4udefassade<\/h3>\n<p>Diese 4 x 2 m gro\u00dfe Videowand harmoniert perfekt, alles wirkt &#8220;wie aus einem Guss&#8221;, die Proportionen passen ideal. Der Kunde ist begeistert, das neue Outdoor-Videodisplay am Firmengeb\u00e4ude unterstreicht das moderne Erscheinungsbild von MTL-Austria.<\/p>\n<ul>\n<li>Produktion und Lieferung&nbsp;6\/2015<\/li>\n<li>Outdoor Led-Videodisplay f\u00fcr Eigennutzung und zur werblichen Vermarktung<\/li>\n<li>Adresse: A-7531 Kemeten, Steinabr\u00fcckl 17<\/li>\n<li>Physikalischer Pixelabstand: 10 mm<\/li>\n<li>Aufl\u00f6sung 384 x 192 Pixel<\/li>\n<li>221.184 Leuchtdioden erzeugen ein&nbsp;brillantes Bild<\/li>\n<\/ul>\nngg_shortcode_0_placeholder\n<h4>Doppelt genutzt ist der zweifache Gewinn<\/h4>\n<p>Das \u00e4u\u00dferst sch\u00f6ne und moderne Firmengeb\u00e4ude von MTL-Austria wird durch das neue Outdoor-Videodisplay noch zus\u00e4tzlich aufgewertet. Urspr\u00fcnglich war an dieser Stelle ein normales Firmenschild geplant. Es sollte sich aber von &#8220;08\/15&#8221;-Schildern abheben. Gleichzeitig kamen \u00f6fters Anfragen, ob die freie Wandfl\u00e4che&nbsp;f\u00fcr Werbezwecke zu mieten w\u00e4re. Da kam dann die Idee auf, selbst ein Outdoor-Videodisplay zu kaufen und dieses f\u00fcr eigene Zwecke und f\u00fcr Fremdwerbung zu nutzen. Die Firma MTL ist im Gespr\u00e4ch, jeder schaut beim vorbeifahren hin und zus\u00e4tzlich werden auch noch monatliche Werbeeinnahmen lukriert.<\/p>\n<h4>Bewegt und informativ,&nbsp;Werbung die auff\u00e4llt!<\/h4>\n<p>Sie ist farbig, sie leuchtet hell, sie ist gro\u00df und sie bewegt sich. Damit ist klar, diese&nbsp;Werbung f\u00e4llt auch zehnmal so viel auf wie irgendein normales statisches Werbeplakat. Firmen im 30 km Umkreis haben&nbsp;rasch&nbsp;von der neuen Werbem\u00f6glichkeit&nbsp;Gebrauch gemacht und Werbezeiten auf dem Outdoor-Videodisplay gebucht. Entsprechend oft erscheint nat\u00fcrlich&nbsp;zwischen den Spots der Werbekunden auch die MTL-Eigenwerbung auf der LED-Videowand.<\/p>\n<h4>Immer gut zu sehen, auch an hellen Sonnentagen<\/h4>\n<p>Urspr\u00fcngliche hatte der&nbsp;Kunde bef\u00fcrchtet, dass bei strahlendem Sonnenschein&nbsp;die Lesbarkeit auf dem Outdoor-Videodisplay beeintr\u00e4chtigt sein wird. Umso erstaunt war er, wie er feststellen konnte, dass selbst bei 70% der maximal erreichbaren Helligkeit die Werbung noch immer perfekt zu sehen ist. Das Geheimnis sind extrem helle Leuchtdioden. ACT kann bei dieser Modellvariante mit 10 mm physikalischen Pixelabstand eine Helligkeit von 8.000 cd\/m\u00b2 erreichen, und selbst hier sind die Leuchtdioden bei weitem nicht \u00fcbersteuert.&nbsp;In einigen Jahren, wenn die Leuchtdioden etwas an Helligkeit verloren haben, kann dann der Kunden dann&nbsp;nachregeln und hat weiterhin ein bei allen Lichtverh\u00e4ltnissen gut sichtbares Outdoor-Videodisplay. Damit niemand geblendet wird und die&nbsp;LED-Anzeigetafel der g\u00fcltigen RVS-Norm entspricht, gibt es einen Lichtsensor, welcher im einstellbaren Helligkeitsbereich die tats\u00e4chliche Leuchtst\u00e4rke selbst regelt. Einfach f\u00fcr den Kunden und wichtig f\u00fcr&nbsp;stets gute Lesbarkeit.<\/p>\n<h5>Outdoor-Videodisplay in jeder Gr\u00f6\u00dfe lieferbar<\/h5>\n<p>ACT produziert seit \u00fcber 25 Jahren LED-Anzeigen, einfarbig, mehrfarbig und vollfarbig. Diese werden meist fix montiert, einige&nbsp;Kunden, speziell aus dem Vermietbereich, nutzen diese auch mobil auf B\u00fchnen und Trailern. In jedem Format, in jeder Gr\u00f6\u00dfe,&nbsp;mit verschiedenen&nbsp;Pixelabst\u00e4nden und&nbsp;in unterschiedlicher LED-Technologie.&nbsp;Gut beraten erh\u00e4lt dann&nbsp;jeder Kunde das f\u00fcr ihn&nbsp;ideale Outdoor-Videodisplay.<\/p>\n","protected":false},"excerpt":{"rendered":"<p>Auff\u00e4llig werben, jeder schaut hin!<\/p>\n","protected":false},"author":1,"featured_media":45587,"comment_status":"closed","ping_status":"closed","sticky":false,"template":"","format":"standard","meta":{"ngg_post_thumbnail":0,"footnotes":""},"categories":[335,350],"tags":[322],"news":[],"class_list":["post-33730","post","type-post","status-publish","format-standard","has-post-thumbnail","hentry","category-advertising","category-full-colored-videodisplays","tag-videowand-en"],"yoast_head":"<!-- This site is optimized with the Yoast SEO Premium plugin v27.3 (Yoast SEO v27.5) - https:\/\/yoast.com\/product\/yoast-seo-premium-wordpress\/ -->\n<title>ACT GmbH LED-Displays - Outdoor-Videodisplay am MTL-Geb\u00e4ude<\/title>\n<meta name=\"description\" content=\"Ein Outdoor-Videodisplay f\u00e4llt auf! Leuchtende Farben, gro\u00df und bewegt informieren und werben. Produziert werden Outdoor-Videow\u00e4nde bei ACT in jeder Gr\u00f6\u00dfe.\" \/>\n<meta name=\"robots\" content=\"index, follow, max-snippet:-1, max-image-preview:large, max-video-preview:-1\" \/>\n<link rel=\"canonical\" href=\"https:\/\/www.act-thielmann.at\/en\/2015\/08\/11\/outdoor-videodisplay-am-mtl-gebaeude\/\" \/>\n<meta property=\"og:locale\" content=\"en_US\" \/>\n<meta property=\"og:type\" content=\"article\" \/>\n<meta property=\"og:title\" content=\"Outdoor-Videodisplay am MTL-Geb\u00e4ude\" \/>\n<meta property=\"og:description\" content=\"Auff\u00e4llig werben, jeder schaut hin!\" \/>\n<meta property=\"og:url\" content=\"https:\/\/www.act-thielmann.at\/en\/2015\/08\/11\/outdoor-videodisplay-am-mtl-gebaeude\/\" \/>\n<meta property=\"og:site_name\" content=\"ACT GmbH LED-Displays\" \/>\n<meta property=\"article:publisher\" content=\"https:\/\/www.facebook.com\/videowand\" \/>\n<meta property=\"article:published_time\" content=\"2015-08-11T13:25:42+00:00\" \/>\n<meta property=\"article:modified_time\" content=\"2024-06-30T08:34:23+00:00\" \/>\n<meta property=\"og:image\" content=\"https:\/\/www.act-thielmann.at\/wp\/wp-content\/uploads\/2015\/08\/Outdoor-Videodisplay.jpg\" \/>\n\t<meta property=\"og:image:width\" content=\"480\" \/>\n\t<meta property=\"og:image:height\" content=\"360\" \/>\n\t<meta property=\"og:image:type\" content=\"image\/jpeg\" \/>\n<meta name=\"author\" content=\"thielmann\" \/>\n<meta name=\"twitter:card\" content=\"summary_large_image\" \/>\n<meta name=\"twitter:creator\" content=\"@videowand\" \/>\n<meta name=\"twitter:site\" content=\"@videowand\" \/>\n<meta name=\"twitter:label1\" content=\"Written by\" \/>\n\t<meta name=\"twitter:data1\" content=\"thielmann\" \/>\n\t<meta name=\"twitter:label2\" content=\"Est. reading time\" \/>\n\t<meta name=\"twitter:data2\" content=\"3 minutes\" \/>\n<script type=\"application\/ld+json\" class=\"yoast-schema-graph\">{\"@context\":\"https:\\\/\\\/schema.org\",\"@graph\":[{\"@type\":\"Article\",\"@id\":\"https:\\\/\\\/www.act-thielmann.at\\\/en\\\/2015\\\/08\\\/11\\\/outdoor-videodisplay-am-mtl-gebaeude\\\/#article\",\"isPartOf\":{\"@id\":\"https:\\\/\\\/www.act-thielmann.at\\\/en\\\/2015\\\/08\\\/11\\\/outdoor-videodisplay-am-mtl-gebaeude\\\/\"},\"author\":{\"name\":\"thielmann\",\"@id\":\"https:\\\/\\\/www.act-thielmann.at\\\/#\\\/schema\\\/person\\\/2ee2fa3af02e8a599d3939084a2897ef\"},\"headline\":\"Outdoor-Videodisplay am MTL-Geb\u00e4ude\",\"datePublished\":\"2015-08-11T13:25:42+00:00\",\"dateModified\":\"2024-06-30T08:34:23+00:00\",\"mainEntityOfPage\":{\"@id\":\"https:\\\/\\\/www.act-thielmann.at\\\/en\\\/2015\\\/08\\\/11\\\/outdoor-videodisplay-am-mtl-gebaeude\\\/\"},\"wordCount\":507,\"publisher\":{\"@id\":\"https:\\\/\\\/www.act-thielmann.at\\\/#organization\"},\"image\":{\"@id\":\"https:\\\/\\\/www.act-thielmann.at\\\/en\\\/2015\\\/08\\\/11\\\/outdoor-videodisplay-am-mtl-gebaeude\\\/#primaryimage\"},\"thumbnailUrl\":\"https:\\\/\\\/www.act-thielmann.at\\\/wp\\\/wp-content\\\/uploads\\\/2015\\\/08\\\/Outdoor-Videodisplay.jpg\",\"keywords\":[\"Video Wall\"],\"articleSection\":[\"Advertising\",\"Full-colored Videodisplays\"],\"inLanguage\":\"en-US\"},{\"@type\":\"WebPage\",\"@id\":\"https:\\\/\\\/www.act-thielmann.at\\\/en\\\/2015\\\/08\\\/11\\\/outdoor-videodisplay-am-mtl-gebaeude\\\/\",\"url\":\"https:\\\/\\\/www.act-thielmann.at\\\/en\\\/2015\\\/08\\\/11\\\/outdoor-videodisplay-am-mtl-gebaeude\\\/\",\"name\":\"ACT GmbH LED-Displays - Outdoor-Videodisplay am MTL-Geb\u00e4ude\",\"isPartOf\":{\"@id\":\"https:\\\/\\\/www.act-thielmann.at\\\/#website\"},\"primaryImageOfPage\":{\"@id\":\"https:\\\/\\\/www.act-thielmann.at\\\/en\\\/2015\\\/08\\\/11\\\/outdoor-videodisplay-am-mtl-gebaeude\\\/#primaryimage\"},\"image\":{\"@id\":\"https:\\\/\\\/www.act-thielmann.at\\\/en\\\/2015\\\/08\\\/11\\\/outdoor-videodisplay-am-mtl-gebaeude\\\/#primaryimage\"},\"thumbnailUrl\":\"https:\\\/\\\/www.act-thielmann.at\\\/wp\\\/wp-content\\\/uploads\\\/2015\\\/08\\\/Outdoor-Videodisplay.jpg\",\"datePublished\":\"2015-08-11T13:25:42+00:00\",\"dateModified\":\"2024-06-30T08:34:23+00:00\",\"description\":\"Ein Outdoor-Videodisplay f\u00e4llt auf! Leuchtende Farben, gro\u00df und bewegt informieren und werben. Produziert werden Outdoor-Videow\u00e4nde bei ACT in jeder Gr\u00f6\u00dfe.\",\"breadcrumb\":{\"@id\":\"https:\\\/\\\/www.act-thielmann.at\\\/en\\\/2015\\\/08\\\/11\\\/outdoor-videodisplay-am-mtl-gebaeude\\\/#breadcrumb\"},\"inLanguage\":\"en-US\",\"potentialAction\":[{\"@type\":\"ReadAction\",\"target\":[\"https:\\\/\\\/www.act-thielmann.at\\\/en\\\/2015\\\/08\\\/11\\\/outdoor-videodisplay-am-mtl-gebaeude\\\/\"]}]},{\"@type\":\"ImageObject\",\"inLanguage\":\"en-US\",\"@id\":\"https:\\\/\\\/www.act-thielmann.at\\\/en\\\/2015\\\/08\\\/11\\\/outdoor-videodisplay-am-mtl-gebaeude\\\/#primaryimage\",\"url\":\"https:\\\/\\\/www.act-thielmann.at\\\/wp\\\/wp-content\\\/uploads\\\/2015\\\/08\\\/Outdoor-Videodisplay.jpg\",\"contentUrl\":\"https:\\\/\\\/www.act-thielmann.at\\\/wp\\\/wp-content\\\/uploads\\\/2015\\\/08\\\/Outdoor-Videodisplay.jpg\",\"width\":480,\"height\":360,\"caption\":\"Outdoor-Videodisplay\"},{\"@type\":\"BreadcrumbList\",\"@id\":\"https:\\\/\\\/www.act-thielmann.at\\\/en\\\/2015\\\/08\\\/11\\\/outdoor-videodisplay-am-mtl-gebaeude\\\/#breadcrumb\",\"itemListElement\":[{\"@type\":\"ListItem\",\"position\":1,\"name\":\"Startseite\",\"item\":\"https:\\\/\\\/www.act-thielmann.at\\\/en\\\/\"},{\"@type\":\"ListItem\",\"position\":2,\"name\":\"Outdoor-Videodisplay am MTL-Geb\u00e4ude\"}]},{\"@type\":\"WebSite\",\"@id\":\"https:\\\/\\\/www.act-thielmann.at\\\/#website\",\"url\":\"https:\\\/\\\/www.act-thielmann.at\\\/\",\"name\":\"ACT GmbH LED-Displays\",\"description\":\"\",\"publisher\":{\"@id\":\"https:\\\/\\\/www.act-thielmann.at\\\/#organization\"},\"potentialAction\":[{\"@type\":\"SearchAction\",\"target\":{\"@type\":\"EntryPoint\",\"urlTemplate\":\"https:\\\/\\\/www.act-thielmann.at\\\/?s={search_term_string}\"},\"query-input\":{\"@type\":\"PropertyValueSpecification\",\"valueRequired\":true,\"valueName\":\"search_term_string\"}}],\"inLanguage\":\"en-US\"},{\"@type\":\"Organization\",\"@id\":\"https:\\\/\\\/www.act-thielmann.at\\\/#organization\",\"name\":\"ACT Anzeige- & Informationstechnik GmbH.\",\"url\":\"https:\\\/\\\/www.act-thielmann.at\\\/\",\"logo\":{\"@type\":\"ImageObject\",\"inLanguage\":\"en-US\",\"@id\":\"https:\\\/\\\/www.act-thielmann.at\\\/#\\\/schema\\\/logo\\\/image\\\/\",\"url\":\"https:\\\/\\\/www.act-thielmann.at\\\/wp\\\/wp-content\\\/uploads\\\/2023\\\/02\\\/ACT_logo_dunkel_600x600.jpg\",\"contentUrl\":\"https:\\\/\\\/www.act-thielmann.at\\\/wp\\\/wp-content\\\/uploads\\\/2023\\\/02\\\/ACT_logo_dunkel_600x600.jpg\",\"width\":600,\"height\":600,\"caption\":\"ACT Anzeige- & Informationstechnik GmbH.\"},\"image\":{\"@id\":\"https:\\\/\\\/www.act-thielmann.at\\\/#\\\/schema\\\/logo\\\/image\\\/\"},\"sameAs\":[\"https:\\\/\\\/www.facebook.com\\\/videowand\",\"https:\\\/\\\/x.com\\\/videowand\"]},{\"@type\":\"Person\",\"@id\":\"https:\\\/\\\/www.act-thielmann.at\\\/#\\\/schema\\\/person\\\/2ee2fa3af02e8a599d3939084a2897ef\",\"name\":\"thielmann\",\"image\":{\"@type\":\"ImageObject\",\"inLanguage\":\"en-US\",\"@id\":\"https:\\\/\\\/secure.gravatar.com\\\/avatar\\\/6d619003b99f9eb2530f62f7008376d0f1301796d5041c8bba8aafea46910f0d?s=96&d=mm&r=g\",\"url\":\"https:\\\/\\\/secure.gravatar.com\\\/avatar\\\/6d619003b99f9eb2530f62f7008376d0f1301796d5041c8bba8aafea46910f0d?s=96&d=mm&r=g\",\"contentUrl\":\"https:\\\/\\\/secure.gravatar.com\\\/avatar\\\/6d619003b99f9eb2530f62f7008376d0f1301796d5041c8bba8aafea46910f0d?s=96&d=mm&r=g\",\"caption\":\"thielmann\"}}]}<\/script>\n<!-- \/ Yoast SEO Premium plugin. -->","yoast_head_json":{"title":"ACT GmbH LED-Displays - Outdoor-Videodisplay am MTL-Geb\u00e4ude","description":"Ein Outdoor-Videodisplay f\u00e4llt auf! Leuchtende Farben, gro\u00df und bewegt informieren und werben. Produziert werden Outdoor-Videow\u00e4nde bei ACT in jeder Gr\u00f6\u00dfe.","robots":{"index":"index","follow":"follow","max-snippet":"max-snippet:-1","max-image-preview":"max-image-preview:large","max-video-preview":"max-video-preview:-1"},"canonical":"https:\/\/www.act-thielmann.at\/en\/2015\/08\/11\/outdoor-videodisplay-am-mtl-gebaeude\/","og_locale":"en_US","og_type":"article","og_title":"Outdoor-Videodisplay am MTL-Geb\u00e4ude","og_description":"Auff\u00e4llig werben, jeder schaut hin!","og_url":"https:\/\/www.act-thielmann.at\/en\/2015\/08\/11\/outdoor-videodisplay-am-mtl-gebaeude\/","og_site_name":"ACT GmbH LED-Displays","article_publisher":"https:\/\/www.facebook.com\/videowand","article_published_time":"2015-08-11T13:25:42+00:00","article_modified_time":"2024-06-30T08:34:23+00:00","og_image":[{"width":480,"height":360,"url":"https:\/\/www.act-thielmann.at\/wp\/wp-content\/uploads\/2015\/08\/Outdoor-Videodisplay.jpg","type":"image\/jpeg"}],"author":"thielmann","twitter_card":"summary_large_image","twitter_creator":"@videowand","twitter_site":"@videowand","twitter_misc":{"Written by":"thielmann","Est. reading time":"3 minutes"},"schema":{"@context":"https:\/\/schema.org","@graph":[{"@type":"Article","@id":"https:\/\/www.act-thielmann.at\/en\/2015\/08\/11\/outdoor-videodisplay-am-mtl-gebaeude\/#article","isPartOf":{"@id":"https:\/\/www.act-thielmann.at\/en\/2015\/08\/11\/outdoor-videodisplay-am-mtl-gebaeude\/"},"author":{"name":"thielmann","@id":"https:\/\/www.act-thielmann.at\/#\/schema\/person\/2ee2fa3af02e8a599d3939084a2897ef"},"headline":"Outdoor-Videodisplay am MTL-Geb\u00e4ude","datePublished":"2015-08-11T13:25:42+00:00","dateModified":"2024-06-30T08:34:23+00:00","mainEntityOfPage":{"@id":"https:\/\/www.act-thielmann.at\/en\/2015\/08\/11\/outdoor-videodisplay-am-mtl-gebaeude\/"},"wordCount":507,"publisher":{"@id":"https:\/\/www.act-thielmann.at\/#organization"},"image":{"@id":"https:\/\/www.act-thielmann.at\/en\/2015\/08\/11\/outdoor-videodisplay-am-mtl-gebaeude\/#primaryimage"},"thumbnailUrl":"https:\/\/www.act-thielmann.at\/wp\/wp-content\/uploads\/2015\/08\/Outdoor-Videodisplay.jpg","keywords":["Video Wall"],"articleSection":["Advertising","Full-colored Videodisplays"],"inLanguage":"en-US"},{"@type":"WebPage","@id":"https:\/\/www.act-thielmann.at\/en\/2015\/08\/11\/outdoor-videodisplay-am-mtl-gebaeude\/","url":"https:\/\/www.act-thielmann.at\/en\/2015\/08\/11\/outdoor-videodisplay-am-mtl-gebaeude\/","name":"ACT GmbH LED-Displays - Outdoor-Videodisplay am MTL-Geb\u00e4ude","isPartOf":{"@id":"https:\/\/www.act-thielmann.at\/#website"},"primaryImageOfPage":{"@id":"https:\/\/www.act-thielmann.at\/en\/2015\/08\/11\/outdoor-videodisplay-am-mtl-gebaeude\/#primaryimage"},"image":{"@id":"https:\/\/www.act-thielmann.at\/en\/2015\/08\/11\/outdoor-videodisplay-am-mtl-gebaeude\/#primaryimage"},"thumbnailUrl":"https:\/\/www.act-thielmann.at\/wp\/wp-content\/uploads\/2015\/08\/Outdoor-Videodisplay.jpg","datePublished":"2015-08-11T13:25:42+00:00","dateModified":"2024-06-30T08:34:23+00:00","description":"Ein Outdoor-Videodisplay f\u00e4llt auf! Leuchtende Farben, gro\u00df und bewegt informieren und werben. Produziert werden Outdoor-Videow\u00e4nde bei ACT in jeder Gr\u00f6\u00dfe.","breadcrumb":{"@id":"https:\/\/www.act-thielmann.at\/en\/2015\/08\/11\/outdoor-videodisplay-am-mtl-gebaeude\/#breadcrumb"},"inLanguage":"en-US","potentialAction":[{"@type":"ReadAction","target":["https:\/\/www.act-thielmann.at\/en\/2015\/08\/11\/outdoor-videodisplay-am-mtl-gebaeude\/"]}]},{"@type":"ImageObject","inLanguage":"en-US","@id":"https:\/\/www.act-thielmann.at\/en\/2015\/08\/11\/outdoor-videodisplay-am-mtl-gebaeude\/#primaryimage","url":"https:\/\/www.act-thielmann.at\/wp\/wp-content\/uploads\/2015\/08\/Outdoor-Videodisplay.jpg","contentUrl":"https:\/\/www.act-thielmann.at\/wp\/wp-content\/uploads\/2015\/08\/Outdoor-Videodisplay.jpg","width":480,"height":360,"caption":"Outdoor-Videodisplay"},{"@type":"BreadcrumbList","@id":"https:\/\/www.act-thielmann.at\/en\/2015\/08\/11\/outdoor-videodisplay-am-mtl-gebaeude\/#breadcrumb","itemListElement":[{"@type":"ListItem","position":1,"name":"Startseite","item":"https:\/\/www.act-thielmann.at\/en\/"},{"@type":"ListItem","position":2,"name":"Outdoor-Videodisplay am MTL-Geb\u00e4ude"}]},{"@type":"WebSite","@id":"https:\/\/www.act-thielmann.at\/#website","url":"https:\/\/www.act-thielmann.at\/","name":"ACT GmbH LED-Displays","description":"","publisher":{"@id":"https:\/\/www.act-thielmann.at\/#organization"},"potentialAction":[{"@type":"SearchAction","target":{"@type":"EntryPoint","urlTemplate":"https:\/\/www.act-thielmann.at\/?s={search_term_string}"},"query-input":{"@type":"PropertyValueSpecification","valueRequired":true,"valueName":"search_term_string"}}],"inLanguage":"en-US"},{"@type":"Organization","@id":"https:\/\/www.act-thielmann.at\/#organization","name":"ACT Anzeige- & Informationstechnik GmbH.","url":"https:\/\/www.act-thielmann.at\/","logo":{"@type":"ImageObject","inLanguage":"en-US","@id":"https:\/\/www.act-thielmann.at\/#\/schema\/logo\/image\/","url":"https:\/\/www.act-thielmann.at\/wp\/wp-content\/uploads\/2023\/02\/ACT_logo_dunkel_600x600.jpg","contentUrl":"https:\/\/www.act-thielmann.at\/wp\/wp-content\/uploads\/2023\/02\/ACT_logo_dunkel_600x600.jpg","width":600,"height":600,"caption":"ACT Anzeige- & Informationstechnik GmbH."},"image":{"@id":"https:\/\/www.act-thielmann.at\/#\/schema\/logo\/image\/"},"sameAs":["https:\/\/www.facebook.com\/videowand","https:\/\/x.com\/videowand"]},{"@type":"Person","@id":"https:\/\/www.act-thielmann.at\/#\/schema\/person\/2ee2fa3af02e8a599d3939084a2897ef","name":"thielmann","image":{"@type":"ImageObject","inLanguage":"en-US","@id":"https:\/\/secure.gravatar.com\/avatar\/6d619003b99f9eb2530f62f7008376d0f1301796d5041c8bba8aafea46910f0d?s=96&d=mm&r=g","url":"https:\/\/secure.gravatar.com\/avatar\/6d619003b99f9eb2530f62f7008376d0f1301796d5041c8bba8aafea46910f0d?s=96&d=mm&r=g","contentUrl":"https:\/\/secure.gravatar.com\/avatar\/6d619003b99f9eb2530f62f7008376d0f1301796d5041c8bba8aafea46910f0d?s=96&d=mm&r=g","caption":"thielmann"}}]}},"amp_enabled":true,"_links":{"self":[{"href":"https:\/\/www.act-thielmann.at\/en\/wp-json\/wp\/v2\/posts\/33730","targetHints":{"allow":["GET"]}}],"collection":[{"href":"https:\/\/www.act-thielmann.at\/en\/wp-json\/wp\/v2\/posts"}],"about":[{"href":"https:\/\/www.act-thielmann.at\/en\/wp-json\/wp\/v2\/types\/post"}],"author":[{"embeddable":true,"href":"https:\/\/www.act-thielmann.at\/en\/wp-json\/wp\/v2\/users\/1"}],"replies":[{"embeddable":true,"href":"https:\/\/www.act-thielmann.at\/en\/wp-json\/wp\/v2\/comments?post=33730"}],"version-history":[{"count":0,"href":"https:\/\/www.act-thielmann.at\/en\/wp-json\/wp\/v2\/posts\/33730\/revisions"}],"wp:featuredmedia":[{"embeddable":true,"href":"https:\/\/www.act-thielmann.at\/en\/wp-json\/wp\/v2\/media\/45587"}],"wp:attachment":[{"href":"https:\/\/www.act-thielmann.at\/en\/wp-json\/wp\/v2\/media?parent=33730"}],"wp:term":[{"taxonomy":"category","embeddable":true,"href":"https:\/\/www.act-thielmann.at\/en\/wp-json\/wp\/v2\/categories?post=33730"},{"taxonomy":"post_tag","embeddable":true,"href":"https:\/\/www.act-thielmann.at\/en\/wp-json\/wp\/v2\/tags?post=33730"},{"taxonomy":"news","embeddable":true,"href":"https:\/\/www.act-thielmann.at\/en\/wp-json\/wp\/v2\/news?post=33730"}],"curies":[{"name":"wp","href":"https:\/\/api.w.org\/{rel}","templated":true}]}}